{"id":767,"date":"2017-04-07T14:21:46","date_gmt":"2017-04-07T12:21:46","guid":{"rendered":"http:\/\/www.mffv.de\/?p=767"},"modified":"2017-07-17T11:14:50","modified_gmt":"2017-07-17T09:14:50","slug":"marco-polo-staffel-2-in-produktion","status":"publish","type":"post","link":"https:\/\/www.mffv.de\/index.php\/2017\/04\/07\/marco-polo-staffel-2-in-produktion\/","title":{"rendered":"Die Abenteuer des jungen Marco Polo 2"},"content":{"rendered":"<p class=\"p3\">Bis zum Sommer 2018 entstehen bei MotionWorks in Halle 26 neue Folgen \u201eDie Abenteuer des jungen Marco Polo\u201c.<\/p>\n<p class=\"p3\">Die erste Staffel der beliebten Serie l\u00e4uft bereits seit 2013 regelm\u00e4\u00dfig bei KiKA und wurde als erste deutsche Animationsserie von Netflix gekauft. Nun bekommt sie eine Fortsetzung.<\/p>\n<p class=\"p3\">Gerade als der junge Marco Polo in China seinen Vater wiedergefunden hat, erf\u00e4hrt er etwas, das alle seine Pl\u00e4ne \u00e4ndert: Seine Freundin Shi La ist gar keine Waise!<\/p>\n<p class=\"p3\">Ihre Mutter, eine ber\u00fchmte S\u00e4ngerin, ist noch am Leben. Auf der Suche nach ihr bereisen Marco und seine Freunde fremde L\u00e4nder, lernen andere Kulturen kennen, und schlie\u00dfen neue Freundschaften. Sie treffen auf unerwartete Hindernisse und alte Widersacher, doch zusammen \u00fcberstehen sie alle Abenteuer.<\/p>\n<p class=\"p3\">Mit einer Mischung aus Spannung, Spa\u00df und Wissensinhalten steht Marco Polo f\u00fcr das Entdecken der Welt.<\/p>\n<p class=\"p3\">\u201eDie Abenteuer des jungen Marco Polo 2 (AT)\u201c ist eine Koproduktion von MotionWorks und dem MDR mit F\u00f6rderung durch die MDM. Tony Loeser ist Produzent und Co-Regisseur und Romy Roolf ausf\u00fchrende Produzentin. Regie f\u00fchrt zudem Eckart Fingberg, die Artdirection liegt bei Thorsten Dr\u00f6ssler und die Animationsupervsision bei Fabrizio Carosio, w\u00e4hrend Markus Kark die Herstellungsleitung \u00fcbernimmt und Dieter Reinhold die Produktionsleitung.<\/p>\n","protected":false},"excerpt":{"rendered":"<p>Bis zum Sommer 2018 entstehen bei MotionWorks in Halle 26 neue Folgen \u201eDie Abenteuer des jungen Marco Polo\u201c. Die erste Staffel der beliebten Serie l\u00e4uft bereits seit 2013 regelm\u00e4\u00dfig bei KiKA und wurde als erste deutsche Animationsserie von Netflix gekauft. Nun bekommt sie eine Fortsetzung. Gerade als der junge Marco Polo in China seinen Vater &hellip; <\/p>\n<p class=\"link-more\"><a href=\"https:\/\/www.mffv.de\/index.php\/2017\/04\/07\/marco-polo-staffel-2-in-produktion\/\" class=\"more-link\"><span class=\"screen-reader-text\">\u201eDie Abenteuer des jungen Marco Polo 2\u201c<\/span> weiterlesen<\/a><\/p>\n","protected":false},"author":4,"featured_media":905,"comment_status":"closed","ping_status":"open","sticky":false,"template":"","format":"standard","meta":{"_acf_changed":false,"_exactmetrics_skip_tracking":false,"_exactmetrics_sitenote_active":false,"_exactmetrics_sitenote_note":"","_exactmetrics_sitenote_category":0,"footnotes":""},"categories":[1],"tags":[],"class_list":["post-767","post","type-post","status-publish","format-standard","has-post-thumbnail","hentry","category-produktionen"],"acf":[],"_links":{"self":[{"href":"https:\/\/www.mffv.de\/index.php\/wp-json\/wp\/v2\/posts\/767","targetHints":{"allow":["GET"]}}],"collection":[{"href":"https:\/\/www.mffv.de\/index.php\/wp-json\/wp\/v2\/posts"}],"about":[{"href":"https:\/\/www.mffv.de\/index.php\/wp-json\/wp\/v2\/types\/post"}],"author":[{"embeddable":true,"href":"https:\/\/www.mffv.de\/index.php\/wp-json\/wp\/v2\/users\/4"}],"replies":[{"embeddable":true,"href":"https:\/\/www.mffv.de\/index.php\/wp-json\/wp\/v2\/comments?post=767"}],"version-history":[{"count":4,"href":"https:\/\/www.mffv.de\/index.php\/wp-json\/wp\/v2\/posts\/767\/revisions"}],"predecessor-version":[{"id":802,"href":"https:\/\/www.mffv.de\/index.php\/wp-json\/wp\/v2\/posts\/767\/revisions\/802"}],"wp:featuredmedia":[{"embeddable":true,"href":"https:\/\/www.mffv.de\/index.php\/wp-json\/wp\/v2\/media\/905"}],"wp:attachment":[{"href":"https:\/\/www.mffv.de\/index.php\/wp-json\/wp\/v2\/media?parent=767"}],"wp:term":[{"taxonomy":"category","embeddable":true,"href":"https:\/\/www.mffv.de\/index.php\/wp-json\/wp\/v2\/categories?post=767"},{"taxonomy":"post_tag","embeddable":true,"href":"https:\/\/www.mffv.de\/index.php\/wp-json\/wp\/v2\/tags?post=767"}],"curies":[{"name":"wp","href":"https:\/\/api.w.org\/{rel}","templated":true}]}}