{"id":419,"date":"2017-11-08T15:01:08","date_gmt":"2017-11-08T14:01:08","guid":{"rendered":"http:\/\/www.mffv.de\/?p=419"},"modified":"2017-12-08T17:33:36","modified_gmt":"2017-12-08T16:33:36","slug":"neuer-maerchenfilm-fuer-kinder","status":"publish","type":"post","link":"https:\/\/www.mffv.de\/index.php\/2017\/11\/08\/neuer-maerchenfilm-fuer-kinder\/","title":{"rendered":"Der Zauberlehrling"},"content":{"rendered":"<div>\n<div>\n<div class=\"WordSection1\">\n<div>DER ZAUBERLEHRLING, <span class=\"\">\u00a0eine <\/span>neue M\u00e4rchenproduktion der Kinderfilm GmbH im Auftrag von MDR und ZDF, wird am 24. Dezember um 16:30 Uhr <span class=\"\">als <\/span>TV-Premiere im ZDF ausgestrahlt<span class=\"\">.<\/span><\/div>\n<div><span class=\"cse2fac0a51\"><span class=\"\"><br \/>\nInspiriert von Johann Wolfgang von Goethes Ballade &#8222;Der Zauberlehrling&#8220; entwickelten die Drehbuchautoren Anja K\u00f6mmerling und Thomas Brinx f\u00fcr MDR und ZDF eine Geschichte \u00fcber die Versuchungen des Zauberhandwerks\u00a0 mit dem ber\u00fchmten Besen in einer wegweisenden Rolle.<\/span><\/span><\/div>\n<\/div>\n<\/div>\n<\/div>\n<div class=\"\"><span class=\"cse2fac0a51\"><span class=\"\">\u00a0<\/span><\/span><\/div>\n<div class=\"\"><span class=\"cse2fac0a51\"><span class=\"\">Unter der Regie von Frank Stoye spielen Felix von Manteuffel als Altmeister Zacharias, Christoph Bach als Zaubermeister Ambrosius und Sandra Borgmann als K\u00f6nigin Anna. In den jugendlichen Hauptrollen sind Max Schimmelpfennig und Pauline Renevier zu sehen.<\/span><\/span><\/div>\n<div class=\"\"><span class=\"cse2fac0a51\"><span class=\"\">\u00a0<\/span><\/span><\/div>\n<div class=\"\"><span class=\"cse2fac0a51\"><span class=\"\">Der bettelarme Valentin will sein Gl\u00fcck in der Stadt finden. Zuf\u00e4llig sucht der Zaubermeister des Landes einen Lehrling, und Valentin ist sich ganz sicher, dass er f\u00fcr die Stelle bei Ambrosius genau der richtige ist. Doch bei der Pr\u00fcfung wird er leider von der cleveren Mitbewerberin Katrina ausgetrickst. Notgedrungen kommt er in der Apotheke von Altmeister Zacharias unter. Der hat jeglicher Zauberkunst abgeschworen und widmet sein Leben nur noch der Kr\u00e4uter- und Heilkunde, sehr zum \u00c4rger seines ehrgeizigen Lehrlings. Als Valentin entdeckt, dass der machtbesessene Ambrosius die ganze Stadt bedroht, muss der alte Zaubermeister seine magischen Kr\u00e4fte doch reaktivieren, um zusammen mit den Lehrlingen die Gefahr abzuwenden.<\/span><\/span><\/div>\n<div class=\"\"><span class=\"cse2fac0a51\"><span class=\"\">\u00a0<\/span><\/span><\/div>\n<div class=\"\"><span class=\"cse2fac0a51\"><span class=\"\">Die G\u00f6rlitzer Altstadt liefert die Kulisse f\u00fcr die Stadt, in der Valentin sein Gl\u00fcck sucht. Die Apotheke von Altmeister Zacharias entsteht am Untermarkt, Zaubermeister Ambrosius logiert im Alten Rathaus, und im Kulturhistorischen Museum befindet sich die Geheime Bibliothek. Der Kromlauer Park wird zum magischen Reich, in dem Valentin und Katrina nach der Aufl\u00f6sung eines schrecklichen Zaubers suchen, und das Neue Schloss im F\u00fcrst P\u00fcckler Park in Bad Muskau beherbergt den Sitz der K\u00f6nigin.<\/span><\/span><\/div>\n<div class=\"\"><span class=\"cse2fac0a51\"><span class=\"\">\u00a0<\/span><\/span><\/div>\n<div class=\"\"><span class=\"cse2fac0a51\"><span class=\"\">&#8222;Der Zauberlehrling\u201c ist eine Produktion der Kinderfilm GmbH (Produzentin Ingelore K\u00f6nig) im Auftrag des MDR und des ZDF. Die Bildgestaltung liegt in der Hand von Bernd Fischer, das Szenenbild gestaltet Martin Schreiber, die Kost\u00fcme zaubert Katharina Schnelting , montiert wird der Film von Philipp Stahl.<\/span><\/span> <span class=\"cse2fac0a51\"><span class=\"\">Die Redaktion haben G\u00f6tz Brandt (ZDF), Dr. Astrid Plenk (MDR), Christa Streiber (MDR) und Dr. Irene Wellershoff (ZDF).<\/span><\/span><\/div>\n","protected":false},"excerpt":{"rendered":"<p>DER ZAUBERLEHRLING, \u00a0eine neue M\u00e4rchenproduktion der Kinderfilm GmbH im Auftrag von MDR und ZDF, wird am 24. Dezember um 16:30 Uhr als TV-Premiere im ZDF ausgestrahlt. Inspiriert von Johann Wolfgang von Goethes Ballade &#8222;Der Zauberlehrling&#8220; entwickelten die Drehbuchautoren Anja K\u00f6mmerling und Thomas Brinx f\u00fcr MDR und ZDF eine Geschichte \u00fcber die Versuchungen des Zauberhandwerks\u00a0 mit &hellip; <\/p>\n<p class=\"link-more\"><a href=\"https:\/\/www.mffv.de\/index.php\/2017\/11\/08\/neuer-maerchenfilm-fuer-kinder\/\" class=\"more-link\"><span class=\"screen-reader-text\">\u201eDer Zauberlehrling\u201c<\/span> weiterlesen<\/a><\/p>\n","protected":false},"author":2,"featured_media":420,"comment_status":"closed","ping_status":"open","sticky":false,"template":"","format":"standard","meta":{"_acf_changed":false,"_exactmetrics_skip_tracking":false,"_exactmetrics_sitenote_active":false,"_exactmetrics_sitenote_note":"","_exactmetrics_sitenote_category":0,"footnotes":""},"categories":[1],"tags":[],"class_list":["post-419","post","type-post","status-publish","format-standard","has-post-thumbnail","hentry","category-produktionen"],"acf":[],"_links":{"self":[{"href":"https:\/\/www.mffv.de\/index.php\/wp-json\/wp\/v2\/posts\/419","targetHints":{"allow":["GET"]}}],"collection":[{"href":"https:\/\/www.mffv.de\/index.php\/wp-json\/wp\/v2\/posts"}],"about":[{"href":"https:\/\/www.mffv.de\/index.php\/wp-json\/wp\/v2\/types\/post"}],"author":[{"embeddable":true,"href":"https:\/\/www.mffv.de\/index.php\/wp-json\/wp\/v2\/users\/2"}],"replies":[{"embeddable":true,"href":"https:\/\/www.mffv.de\/index.php\/wp-json\/wp\/v2\/comments?post=419"}],"version-history":[{"count":8,"href":"https:\/\/www.mffv.de\/index.php\/wp-json\/wp\/v2\/posts\/419\/revisions"}],"predecessor-version":[{"id":1057,"href":"https:\/\/www.mffv.de\/index.php\/wp-json\/wp\/v2\/posts\/419\/revisions\/1057"}],"wp:featuredmedia":[{"embeddable":true,"href":"https:\/\/www.mffv.de\/index.php\/wp-json\/wp\/v2\/media\/420"}],"wp:attachment":[{"href":"https:\/\/www.mffv.de\/index.php\/wp-json\/wp\/v2\/media?parent=419"}],"wp:term":[{"taxonomy":"category","embeddable":true,"href":"https:\/\/www.mffv.de\/index.php\/wp-json\/wp\/v2\/categories?post=419"},{"taxonomy":"post_tag","embeddable":true,"href":"https:\/\/www.mffv.de\/index.php\/wp-json\/wp\/v2\/tags?post=419"}],"curies":[{"name":"wp","href":"https:\/\/api.w.org\/{rel}","templated":true}]}}