{"id":310,"date":"2016-07-25T22:50:57","date_gmt":"2016-07-25T20:50:57","guid":{"rendered":"http:\/\/www.mffv.de\/?p=310"},"modified":"2017-07-06T16:30:59","modified_gmt":"2017-07-06T14:30:59","slug":"kommen-ruehrgeraete-in-den-himmel","status":"publish","type":"post","link":"https:\/\/www.mffv.de\/index.php\/2016\/07\/25\/kommen-ruehrgeraete-in-den-himmel\/","title":{"rendered":"Kommen R\u00fchrger\u00e4te in den Himmel?"},"content":{"rendered":"<p>Ein Film \u00fcber Nachhaltigkeit. Carmen stammt aus der Schweiz und studiert Design im exotischen Th\u00fcringen. Nachdem ihr nagelneuer Mixer bei dem aufw\u00fchlenden Versuch, einen Kuchen zu backen, den Geist aufgegeben hat, entdeckt sie auf einem Jenaer Flohmarkt ein R\u00fchrger\u00e4t aus DDR-Zeiten. Es leuchtet in grellem Orange, ist deutlich \u00e4lter als sie selbst &#8212; und trotzdem noch tadellos in Form. Es hei\u00dft RG 28.<\/p>\n<p>Carmen ist von dem R\u00fchrer aus dem &#8222;Elektroger\u00e4tewerk Suhl&#8220; fasziniert. Um hinter das Geheimnis seiner sagenhaften Langlebigkeit zu kommen, begibt sie sich auf eine Forschungsreise in die Welt der Ger\u00e4tschaften. Sie fragt Konstrukteure und Technologen, Designer und \u00d6konomen, Historiker, Theologen und Psychologen: In welchem Verh\u00e4ltnis stehen wir zu unseren Erzeugnissen? Und wie ver\u00e4ndert sich diese Beziehung? Auf ihrem Trip begegnet Carmen den Menschen, die einst ihr RG 28 gebaut haben. Sie h\u00f6rt Geschichten von einer fremden, untergegangenen Wirtschaftsform, einem System, in dem die Mitarbeiter sich mit &#8222;ihrem&#8220; Betrieb und &#8222;ihren&#8220; Produkten vollkommen identifizieren konnten.<\/p>\n<p>Ist die innere Verbundenheit des Sch\u00f6pfers mit seinem Werk die wesentliche Voraussetzung f\u00fcr ein gutes Produkt? Macht es einen Unterschied, ob wir Dinge herstellen, um einen Unternehmer oder einen Aktienbesitzer noch ein bi\u00dfchen reicher zu machen, oder ob wir Dinge schaffen, von denen wir glauben, dass die Menschen sie brauchen? Wo und unter welchen Bedingungen wird der gr\u00f6\u00dfte Teil unserer Gebrauchsgegenst\u00e4nde heute hergestellt? Warum werfen wir vieles davon schon nach wenigen Jahren wieder auf den M\u00fcll? K\u00f6nnen wir zu einem Ding, dem nur eine geringe Lebenserwartung verg\u00f6nnt ist, noch eine respektvolle Beziehung entwickeln? Schwindet mit der wachsenden Gleichg\u00fcltigkeit gegen\u00fcber den Dingen auch der Respekt gegen\u00fcber denen, die sie geschaffen haben? Ihre Begegnungen und Gespr\u00e4che f\u00fchren Carmen schlie\u00dflich zu der Frage, ob es ethisch vertretbar ist, unseren Erzeugnissen das zu verweigern, was wir f\u00fcr uns selbst erhoffen: Ein langes Leben.<\/p>\n<p>https:\/\/youtu.be\/BEKSFlfWddE<\/p>\n<p>Produzent: Bert G\u00f6hler<br \/>\nProduktionsfirma: Clip Film<br \/>\nBuch\/Regie: Reinhard G\u00fcnzler<br \/>\nKamera: Frank Sthamer<br \/>\nSchnitt: Sebastian Pehl<br \/>\nMusik: Eike Hosenfeld, Erik Swiatloch, Andreas Waldheim<br \/>\nTon: Sandro Sauer, Daniel L\u00fcdke<br \/>\nSounddesign: Andreas Waldheim, Max Hussel, Enrico Reuter, Ti To, Max Pyrenkov<br \/>\nMischung: Christian Riegel<br \/>\nAufnahmeleitung: Anika Bosse<br \/>\nRecherche: Annette Becker, Bernd Domagalla<br \/>\nRechtekl\u00e4rung: Joachim Zschorn<br \/>\nColor Grading: Felix Trolldenier<br \/>\nMitwirkende: Laura Angelina Palacios, Bernd Kellner, Adelheid Angrik, Kerstin Schmidt, Werner Triebel, Irmgard Weinberger, Rainer Chejlawa, Christian H\u00fchn, Andreas Freytag, Wolfgang List, Jens Burkert, G\u00fcnter H\u00f6hne, Georg D\u00f6ppmann, Angelika Petruschat, J\u00f6rg Petruschat, Dieter Weiprecht, Diethard Walter, Josef Freitag, Maria Whale, Andreas Sonnefeld, Marcus Slomczyk, Irmgard Fuchs-Levy<\/p>\n<p>Laufzeit: 94 min.<br \/>\nKinostart: 29. September 2016<br \/>\nKinovertrieb: barnsteiner-film<\/p>\n","protected":false},"excerpt":{"rendered":"<p>Ein Film \u00fcber Nachhaltigkeit. Carmen stammt aus der Schweiz und studiert Design im exotischen Th\u00fcringen. Nachdem ihr nagelneuer Mixer bei dem aufw\u00fchlenden Versuch, einen Kuchen zu backen, den Geist aufgegeben hat, entdeckt sie auf einem Jenaer Flohmarkt ein R\u00fchrger\u00e4t aus DDR-Zeiten. Es leuchtet in grellem Orange, ist deutlich \u00e4lter als sie selbst &#8212; und trotzdem &hellip; <\/p>\n<p class=\"link-more\"><a href=\"https:\/\/www.mffv.de\/index.php\/2016\/07\/25\/kommen-ruehrgeraete-in-den-himmel\/\" class=\"more-link\"><span class=\"screen-reader-text\">\u201eKommen R\u00fchrger\u00e4te in den Himmel?\u201c<\/span> weiterlesen<\/a><\/p>\n","protected":false},"author":2,"featured_media":358,"comment_status":"closed","ping_status":"open","sticky":false,"template":"","format":"standard","meta":{"_acf_changed":false,"_exactmetrics_skip_tracking":false,"_exactmetrics_sitenote_active":false,"_exactmetrics_sitenote_note":"","_exactmetrics_sitenote_category":0,"footnotes":""},"categories":[1],"tags":[],"class_list":["post-310","post","type-post","status-publish","format-standard","has-post-thumbnail","hentry","category-produktionen"],"acf":[],"_links":{"self":[{"href":"https:\/\/www.mffv.de\/index.php\/wp-json\/wp\/v2\/posts\/310","targetHints":{"allow":["GET"]}}],"collection":[{"href":"https:\/\/www.mffv.de\/index.php\/wp-json\/wp\/v2\/posts"}],"about":[{"href":"https:\/\/www.mffv.de\/index.php\/wp-json\/wp\/v2\/types\/post"}],"author":[{"embeddable":true,"href":"https:\/\/www.mffv.de\/index.php\/wp-json\/wp\/v2\/users\/2"}],"replies":[{"embeddable":true,"href":"https:\/\/www.mffv.de\/index.php\/wp-json\/wp\/v2\/comments?post=310"}],"version-history":[{"count":3,"href":"https:\/\/www.mffv.de\/index.php\/wp-json\/wp\/v2\/posts\/310\/revisions"}],"predecessor-version":[{"id":779,"href":"https:\/\/www.mffv.de\/index.php\/wp-json\/wp\/v2\/posts\/310\/revisions\/779"}],"wp:featuredmedia":[{"embeddable":true,"href":"https:\/\/www.mffv.de\/index.php\/wp-json\/wp\/v2\/media\/358"}],"wp:attachment":[{"href":"https:\/\/www.mffv.de\/index.php\/wp-json\/wp\/v2\/media?parent=310"}],"wp:term":[{"taxonomy":"category","embeddable":true,"href":"https:\/\/www.mffv.de\/index.php\/wp-json\/wp\/v2\/categories?post=310"},{"taxonomy":"post_tag","embeddable":true,"href":"https:\/\/www.mffv.de\/index.php\/wp-json\/wp\/v2\/tags?post=310"}],"curies":[{"name":"wp","href":"https:\/\/api.w.org\/{rel}","templated":true}]}}