{"id":256,"date":"2016-07-10T13:32:45","date_gmt":"2016-07-10T11:32:45","guid":{"rendered":"http:\/\/www.mffv.de\/?p=256"},"modified":"2017-11-04T11:42:51","modified_gmt":"2017-11-04T10:42:51","slug":"256","status":"publish","type":"post","link":"https:\/\/www.mffv.de\/index.php\/2016\/07\/10\/256\/","title":{"rendered":"Im Schatten der Oktoberrevolution"},"content":{"rendered":"<p>Im Jahr 2017 j\u00e4hrt sich die Oktoberrevolution in Russland zum 100. Mal. Die Revolution von 1917 hat die Welt f\u00fcr immer ver\u00e4ndert und das Leben von Millionen Menschen gepr\u00e4gt. Und mit ihm das Schaffen dreier bedeutender russischer Komponisten des 20. Jahrhunderts.<br \/>\nDmitri Schostakowitsch, der dem Machtbereich des Sowjetstaats nie entkommen konnte, der R\u00fcckkehrer Sergej Prokofjew, der vorgab, die Herausforderungen der neuen Verh\u00e4ltnisse erst viel zu sp\u00e4t erkannt zu haben und Sergej Rachmaninow, der eine Konzertreise nach Schweden zur Flucht aus Russland nutzte und seine Heimat nie wieder sehen sollte.<br \/>\nDer Film erz\u00e4hlt von den drei Genies der russischen Musikgeschichte im Schatten von Hammer und Sichel, ihren Schaffens- und Lebensbedingungen nach der bolschewistischen Revolution und sp\u00e4ter unter Stalins Regime. Und von dem, was 100 Jahre nach der Oktoberrevolution und 90 Jahre nach Stalins absolutem Machtantritt von ihnen bleibt: Ein Spektrum zwischen hochkomplexem Komponieren, von Lebensparallelen, Differenzen und Schnittpunkten. Sie sind musikalische Chronisten einer Epoche, deren revolution\u00e4re Ideale in totalit\u00e4rer Unterdr\u00fcckung endeten.<br \/>\nDer Film untersucht, wie die politischen Umw\u00e4lzungen das Werk und Leben der drei Komponisten beeinflusst haben, wie sie sich \u00fcber Jahrzehnte hinweg zur Diktatur des Sowjetstaats positionierten &#8211; zwischen Anpassung und (innerer sowie \u00e4u\u00dferer) Emigration.<\/p>\n<p>Eine Produktion von SchmidtFilm f\u00fcr MDR \/ ARTE<\/p>\n<p>&nbsp;<\/p>\n<p>&nbsp;<\/p>\n","protected":false},"excerpt":{"rendered":"<p>Im Jahr 2017 j\u00e4hrt sich die Oktoberrevolution in Russland zum 100. Mal. Die Revolution von 1917 hat die Welt f\u00fcr immer ver\u00e4ndert und das Leben von Millionen Menschen gepr\u00e4gt. Und mit ihm das Schaffen dreier bedeutender russischer Komponisten des 20. Jahrhunderts. Dmitri Schostakowitsch, der dem Machtbereich des Sowjetstaats nie entkommen konnte, der R\u00fcckkehrer Sergej Prokofjew, &hellip; <\/p>\n<p class=\"link-more\"><a href=\"https:\/\/www.mffv.de\/index.php\/2016\/07\/10\/256\/\" class=\"more-link\"><span class=\"screen-reader-text\">\u201eIm Schatten der Oktoberrevolution\u201c<\/span> weiterlesen<\/a><\/p>\n","protected":false},"author":2,"featured_media":801,"comment_status":"closed","ping_status":"open","sticky":false,"template":"","format":"standard","meta":{"_acf_changed":false,"_exactmetrics_skip_tracking":false,"_exactmetrics_sitenote_active":false,"_exactmetrics_sitenote_note":"","_exactmetrics_sitenote_category":0,"footnotes":""},"categories":[1],"tags":[],"class_list":["post-256","post","type-post","status-publish","format-standard","has-post-thumbnail","hentry","category-produktionen"],"acf":[],"_links":{"self":[{"href":"https:\/\/www.mffv.de\/index.php\/wp-json\/wp\/v2\/posts\/256","targetHints":{"allow":["GET"]}}],"collection":[{"href":"https:\/\/www.mffv.de\/index.php\/wp-json\/wp\/v2\/posts"}],"about":[{"href":"https:\/\/www.mffv.de\/index.php\/wp-json\/wp\/v2\/types\/post"}],"author":[{"embeddable":true,"href":"https:\/\/www.mffv.de\/index.php\/wp-json\/wp\/v2\/users\/2"}],"replies":[{"embeddable":true,"href":"https:\/\/www.mffv.de\/index.php\/wp-json\/wp\/v2\/comments?post=256"}],"version-history":[{"count":6,"href":"https:\/\/www.mffv.de\/index.php\/wp-json\/wp\/v2\/posts\/256\/revisions"}],"predecessor-version":[{"id":1031,"href":"https:\/\/www.mffv.de\/index.php\/wp-json\/wp\/v2\/posts\/256\/revisions\/1031"}],"wp:featuredmedia":[{"embeddable":true,"href":"https:\/\/www.mffv.de\/index.php\/wp-json\/wp\/v2\/media\/801"}],"wp:attachment":[{"href":"https:\/\/www.mffv.de\/index.php\/wp-json\/wp\/v2\/media?parent=256"}],"wp:term":[{"taxonomy":"category","embeddable":true,"href":"https:\/\/www.mffv.de\/index.php\/wp-json\/wp\/v2\/categories?post=256"},{"taxonomy":"post_tag","embeddable":true,"href":"https:\/\/www.mffv.de\/index.php\/wp-json\/wp\/v2\/tags?post=256"}],"curies":[{"name":"wp","href":"https:\/\/api.w.org\/{rel}","templated":true}]}}