{"id":1960,"date":"2025-08-20T10:59:56","date_gmt":"2025-08-20T08:59:56","guid":{"rendered":"https:\/\/www.mffv.de\/?p=1960"},"modified":"2025-08-20T10:59:57","modified_gmt":"2025-08-20T08:59:57","slug":"die-kraemerbruecke-das-herz-von-erfurt","status":"publish","type":"post","link":"https:\/\/www.mffv.de\/index.php\/2025\/08\/20\/die-kraemerbruecke-das-herz-von-erfurt\/","title":{"rendered":"Die Kr\u00e4merbr\u00fccke &#8211; Das Herz von Erfurt"},"content":{"rendered":"\n<p><\/p>\n\n\n\n<p>Kurzinhalt des Films<\/p>\n<p>Sie ist ber\u00fchmt und einzigartig n\u00f6rdlich der Alpen. Jeder, der Erfurt besucht, geht in der Altstadt von Erfurt einmal \u00fcber die Kr\u00e4merbr\u00fccke. Sie ist ein Touristenmagnet. Handwerker und individuelle kleine L\u00e4den pr\u00e4gen das romantische Flair. Hier arbeiten und leben 80 Menschen. Sie sind wie eine Familie.<\/p>\n\n\n\n<p>Der Film bietet einen Blick hinter die Kulissen der alten H\u00e4user, mit neuen Erkenntnissen \u00fcber die bewegte Vergangenheit der 700-j\u00e4hrigen steinernen Br\u00fccke, die sich \u00fcber den Fluss Gera im Herzen von Erfurt spannt.<\/p>\n\n\n\n<p>Am Dienstag, 26.08.2025 um 21:00 Uhr im MDR Fernsehen &#038;\nab jetzt in der Mediathek!<\/p>\n\n\n\n<p class=\"has-black-color has-text-color\"><a rel=\"noreferrer noopener\" href=\"https:\/\/www.mdr.de\/tv\/programm\/sendung-1045546.html\" data-type=\"URL\" data-id=\"https:\/\/www.mdr.de\/tv\/programm\/sendung-1045546.html\" target=\"_blank\"><strong>Link zur Mediathek<\/strong><\/a><\/p>\n<p class=\"has-black-color has-text-color\"><a rel=\"noreferrer noopener\" href=\"https:\/\/www.savidas-film.com\/\" data-type=\"URL\" data-id=\"https:\/\/www.savidas-film.com\/\" target=\"_blank\"><strong>Link zur Beitragsseite<\/strong><\/a><\/p>\n\n\n\n<hr class=\"wp-block-separator has-alpha-channel-opacity\"\/>\n","protected":false},"excerpt":{"rendered":"<p>Kurzinhalt des Films Sie ist ber\u00fchmt und einzigartig n\u00f6rdlich der Alpen. Jeder, der Erfurt besucht, geht in der Altstadt von Erfurt einmal \u00fcber die Kr\u00e4merbr\u00fccke. Sie ist ein Touristenmagnet. Handwerker und individuelle kleine L\u00e4den pr\u00e4gen das romantische Flair. Hier arbeiten und leben 80 Menschen. Sie sind wie eine Familie. Der Film bietet einen Blick hinter &hellip; <\/p>\n<p class=\"link-more\"><a href=\"https:\/\/www.mffv.de\/index.php\/2025\/08\/20\/die-kraemerbruecke-das-herz-von-erfurt\/\" class=\"more-link\"><span class=\"screen-reader-text\">\u201eDie Kr\u00e4merbr\u00fccke &#8211; Das Herz von Erfurt\u201c<\/span> weiterlesen<\/a><\/p>\n","protected":false},"author":40,"featured_media":1958,"comment_status":"closed","ping_status":"open","sticky":false,"template":"","format":"standard","meta":{"_acf_changed":false,"_exactmetrics_skip_tracking":false,"_exactmetrics_sitenote_active":false,"_exactmetrics_sitenote_note":"","_exactmetrics_sitenote_category":0,"footnotes":""},"categories":[1],"tags":[],"class_list":["post-1960","post","type-post","status-publish","format-standard","has-post-thumbnail","hentry","category-produktionen"],"acf":[],"_links":{"self":[{"href":"https:\/\/www.mffv.de\/index.php\/wp-json\/wp\/v2\/posts\/1960","targetHints":{"allow":["GET"]}}],"collection":[{"href":"https:\/\/www.mffv.de\/index.php\/wp-json\/wp\/v2\/posts"}],"about":[{"href":"https:\/\/www.mffv.de\/index.php\/wp-json\/wp\/v2\/types\/post"}],"author":[{"embeddable":true,"href":"https:\/\/www.mffv.de\/index.php\/wp-json\/wp\/v2\/users\/40"}],"replies":[{"embeddable":true,"href":"https:\/\/www.mffv.de\/index.php\/wp-json\/wp\/v2\/comments?post=1960"}],"version-history":[{"count":2,"href":"https:\/\/www.mffv.de\/index.php\/wp-json\/wp\/v2\/posts\/1960\/revisions"}],"predecessor-version":[{"id":1970,"href":"https:\/\/www.mffv.de\/index.php\/wp-json\/wp\/v2\/posts\/1960\/revisions\/1970"}],"wp:featuredmedia":[{"embeddable":true,"href":"https:\/\/www.mffv.de\/index.php\/wp-json\/wp\/v2\/media\/1958"}],"wp:attachment":[{"href":"https:\/\/www.mffv.de\/index.php\/wp-json\/wp\/v2\/media?parent=1960"}],"wp:term":[{"taxonomy":"category","embeddable":true,"href":"https:\/\/www.mffv.de\/index.php\/wp-json\/wp\/v2\/categories?post=1960"},{"taxonomy":"post_tag","embeddable":true,"href":"https:\/\/www.mffv.de\/index.php\/wp-json\/wp\/v2\/tags?post=1960"}],"curies":[{"name":"wp","href":"https:\/\/api.w.org\/{rel}","templated":true}]}}