{"id":1953,"date":"2025-07-16T12:13:39","date_gmt":"2025-07-16T10:13:39","guid":{"rendered":"https:\/\/www.mffv.de\/?p=1953"},"modified":"2025-07-16T12:13:41","modified_gmt":"2025-07-16T10:13:41","slug":"die-mongolei-im-land-der-nomaden","status":"publish","type":"post","link":"https:\/\/www.mffv.de\/index.php\/2025\/07\/16\/die-mongolei-im-land-der-nomaden\/","title":{"rendered":"Die Mongolei \u2013 Im Land der Nomaden"},"content":{"rendered":"\n<p><\/p>\n\n\n\n<p>Kurzinhalt des Films<\/p>\n<p>Vor 800 Jahren herrschte Dschingis Khan \u00fcber ein Weltreich \u2013 heute ist die Mongolei friedlich und d\u00fcnn besiedelt.\n\u00dcber eine Million Menschen leben noch immer als Nomaden, wie Orkhoo und Peghi mit ihren 60 Kamelen.\nDer Ch\u00f6wsg\u00f6l-See ist ein gesch\u00fctzter Nationalpark, doch illegale Fischerei bedroht das \u00d6kosystem.\nIn Ulaanbaatar liebt der 15-j\u00e4hrige Chinguun traditionelle Musik und lernt Kehlkopfgesang.\nNach dem Ende der Volksrepublik erlebt das Nomadenleben eine Renaissance.\nOtgonbaatar baut exklusive Jurten \u2013 bis zu 60.000 Euro kostet eine davon.<\/p>\n\n\n\n<p>Eine Produktion der Tellux Dresden f\u00fcr NDR L\u00e4nder \u2013 Menschen \u2013 Abenteuer und\nARTE Entdeckung im Auftrag des NDR in Zusammenarbeit mit ARTE<\/p>\n<p>44 Min. | Erstausstrahlung auf ARTE: tba 2025<\/p>\n\n\n\n<p class=\"has-black-color has-text-color\"><a rel=\"noreferrer noopener\" href=\"https:\/\/www.tellux-dresden.tv\/produktion\/die-mongolei-im-land-der-nomaden\/\" data-type=\"URL\" data-id=\"https:\/\/www.tellux-dresden.tv\/produktion\/die-mongolei-im-land-der-nomaden\/\" target=\"_blank\"><strong>Link zur Beitragsseite<\/strong><\/a><\/p>\n\n\n\n<hr class=\"wp-block-separator has-alpha-channel-opacity\"\/>\n","protected":false},"excerpt":{"rendered":"<p>Kurzinhalt des Films Vor 800 Jahren herrschte Dschingis Khan \u00fcber ein Weltreich \u2013 heute ist die Mongolei friedlich und d\u00fcnn besiedelt. \u00dcber eine Million Menschen leben noch immer als Nomaden, wie Orkhoo und Peghi mit ihren 60 Kamelen. Der Ch\u00f6wsg\u00f6l-See ist ein gesch\u00fctzter Nationalpark, doch illegale Fischerei bedroht das \u00d6kosystem. In Ulaanbaatar liebt der 15-j\u00e4hrige &hellip; <\/p>\n<p class=\"link-more\"><a href=\"https:\/\/www.mffv.de\/index.php\/2025\/07\/16\/die-mongolei-im-land-der-nomaden\/\" class=\"more-link\"><span class=\"screen-reader-text\">\u201eDie Mongolei \u2013 Im Land der Nomaden\u201c<\/span> weiterlesen<\/a><\/p>\n","protected":false},"author":40,"featured_media":1954,"comment_status":"closed","ping_status":"open","sticky":false,"template":"","format":"standard","meta":{"_acf_changed":false,"_exactmetrics_skip_tracking":false,"_exactmetrics_sitenote_active":false,"_exactmetrics_sitenote_note":"","_exactmetrics_sitenote_category":0,"footnotes":""},"categories":[1],"tags":[],"class_list":["post-1953","post","type-post","status-publish","format-standard","has-post-thumbnail","hentry","category-produktionen"],"acf":[],"_links":{"self":[{"href":"https:\/\/www.mffv.de\/index.php\/wp-json\/wp\/v2\/posts\/1953","targetHints":{"allow":["GET"]}}],"collection":[{"href":"https:\/\/www.mffv.de\/index.php\/wp-json\/wp\/v2\/posts"}],"about":[{"href":"https:\/\/www.mffv.de\/index.php\/wp-json\/wp\/v2\/types\/post"}],"author":[{"embeddable":true,"href":"https:\/\/www.mffv.de\/index.php\/wp-json\/wp\/v2\/users\/40"}],"replies":[{"embeddable":true,"href":"https:\/\/www.mffv.de\/index.php\/wp-json\/wp\/v2\/comments?post=1953"}],"version-history":[{"count":1,"href":"https:\/\/www.mffv.de\/index.php\/wp-json\/wp\/v2\/posts\/1953\/revisions"}],"predecessor-version":[{"id":1955,"href":"https:\/\/www.mffv.de\/index.php\/wp-json\/wp\/v2\/posts\/1953\/revisions\/1955"}],"wp:featuredmedia":[{"embeddable":true,"href":"https:\/\/www.mffv.de\/index.php\/wp-json\/wp\/v2\/media\/1954"}],"wp:attachment":[{"href":"https:\/\/www.mffv.de\/index.php\/wp-json\/wp\/v2\/media?parent=1953"}],"wp:term":[{"taxonomy":"category","embeddable":true,"href":"https:\/\/www.mffv.de\/index.php\/wp-json\/wp\/v2\/categories?post=1953"},{"taxonomy":"post_tag","embeddable":true,"href":"https:\/\/www.mffv.de\/index.php\/wp-json\/wp\/v2\/tags?post=1953"}],"curies":[{"name":"wp","href":"https:\/\/api.w.org\/{rel}","templated":true}]}}