{"id":1946,"date":"2025-07-16T11:49:16","date_gmt":"2025-07-16T09:49:16","guid":{"rendered":"https:\/\/www.mffv.de\/?p=1946"},"modified":"2025-07-16T12:04:39","modified_gmt":"2025-07-16T10:04:39","slug":"leben-auf-plastik-per-anhalter-durchs-meer","status":"publish","type":"post","link":"https:\/\/www.mffv.de\/index.php\/2025\/07\/16\/leben-auf-plastik-per-anhalter-durchs-meer\/","title":{"rendered":"Leben auf Plastik &#8211; Per Anhalter durchs Meer"},"content":{"rendered":"\n<p><\/p>\n\n\n\n<p>Dieser Film erkundet einen neuen spannenden Lebensraum: die sogenannte PLASTISPH\u00c4RE. Der Plastikm\u00fcll in den Weltmeeren ist eigentlich ein riesiges Problem unserer heutigen Gesellschaft und eine Bedrohung f\u00fcr unser maritimes \u00d6kosystem. Doch was w\u00e4re, wenn wir das allseits bekannte Ph\u00e4nomen einmal anders denken? Der Plastikm\u00fcll kann n\u00e4mlich nicht nur als Problem betrachtet werden \u2013 er schafft f\u00fcr kleine Organismen auch einen ganz neuen Lebensraum, deren Auswirkungen wir uns noch nicht bewusst sind. PLASTISPH\u00c4RE gibt einen einzigartigen Einblick hinter die Kulissen der Meeresforschung und zeigt die bisher unbekannten Folgen des Plastikm\u00fclls in den Weltmeeren.<\/p>\n\n\n\n<p>Jahr 2025\nL\u00e4nge: 52 min.\nStatus: In Postproduktion\nProduktion 42film GmbH (DE)<\/p>\n\n\n\n<p class=\"has-black-color has-text-color\"><a rel=\"noreferrer noopener\" href=\"https:\/\/42film.de\/productions\/plastikmuell-der-neue-lebensraum-im-meer\/\" data-type=\"URL\" data-id=\"https:\/\/42film.de\/productions\/plastikmuell-der-neue-lebensraum-im-meer\/\" target=\"_blank\"><strong>Link zur Beitragsseite<\/strong><\/a><\/p>\n\n\n\n<hr class=\"wp-block-separator has-alpha-channel-opacity\"\/>\n","protected":false},"excerpt":{"rendered":"<p>Dieser Film erkundet einen neuen spannenden Lebensraum: die sogenannte PLASTISPH\u00c4RE. Der Plastikm\u00fcll in den Weltmeeren ist eigentlich ein riesiges Problem unserer heutigen Gesellschaft und eine Bedrohung f\u00fcr unser maritimes \u00d6kosystem. Doch was w\u00e4re, wenn wir das allseits bekannte Ph\u00e4nomen einmal anders denken? Der Plastikm\u00fcll kann n\u00e4mlich nicht nur als Problem betrachtet werden \u2013 er schafft &hellip; <\/p>\n<p class=\"link-more\"><a href=\"https:\/\/www.mffv.de\/index.php\/2025\/07\/16\/leben-auf-plastik-per-anhalter-durchs-meer\/\" class=\"more-link\"><span class=\"screen-reader-text\">\u201eLeben auf Plastik &#8211; Per Anhalter durchs Meer\u201c<\/span> weiterlesen<\/a><\/p>\n","protected":false},"author":40,"featured_media":1952,"comment_status":"closed","ping_status":"open","sticky":false,"template":"","format":"standard","meta":{"_acf_changed":false,"_exactmetrics_skip_tracking":false,"_exactmetrics_sitenote_active":false,"_exactmetrics_sitenote_note":"","_exactmetrics_sitenote_category":0,"footnotes":""},"categories":[1],"tags":[],"class_list":["post-1946","post","type-post","status-publish","format-standard","has-post-thumbnail","hentry","category-produktionen"],"acf":[],"_links":{"self":[{"href":"https:\/\/www.mffv.de\/index.php\/wp-json\/wp\/v2\/posts\/1946","targetHints":{"allow":["GET"]}}],"collection":[{"href":"https:\/\/www.mffv.de\/index.php\/wp-json\/wp\/v2\/posts"}],"about":[{"href":"https:\/\/www.mffv.de\/index.php\/wp-json\/wp\/v2\/types\/post"}],"author":[{"embeddable":true,"href":"https:\/\/www.mffv.de\/index.php\/wp-json\/wp\/v2\/users\/40"}],"replies":[{"embeddable":true,"href":"https:\/\/www.mffv.de\/index.php\/wp-json\/wp\/v2\/comments?post=1946"}],"version-history":[{"count":1,"href":"https:\/\/www.mffv.de\/index.php\/wp-json\/wp\/v2\/posts\/1946\/revisions"}],"predecessor-version":[{"id":1948,"href":"https:\/\/www.mffv.de\/index.php\/wp-json\/wp\/v2\/posts\/1946\/revisions\/1948"}],"wp:featuredmedia":[{"embeddable":true,"href":"https:\/\/www.mffv.de\/index.php\/wp-json\/wp\/v2\/media\/1952"}],"wp:attachment":[{"href":"https:\/\/www.mffv.de\/index.php\/wp-json\/wp\/v2\/media?parent=1946"}],"wp:term":[{"taxonomy":"category","embeddable":true,"href":"https:\/\/www.mffv.de\/index.php\/wp-json\/wp\/v2\/categories?post=1946"},{"taxonomy":"post_tag","embeddable":true,"href":"https:\/\/www.mffv.de\/index.php\/wp-json\/wp\/v2\/tags?post=1946"}],"curies":[{"name":"wp","href":"https:\/\/api.w.org\/{rel}","templated":true}]}}