{"id":1635,"date":"2023-11-07T14:34:50","date_gmt":"2023-11-07T13:34:50","guid":{"rendered":"http:\/\/www.mffv.de\/?p=1635"},"modified":"2024-11-01T12:23:58","modified_gmt":"2024-11-01T11:23:58","slug":"living-bach-ab-30-11-2023-im-kino","status":"publish","type":"post","link":"https:\/\/www.mffv.de\/index.php\/2023\/11\/07\/living-bach-ab-30-11-2023-im-kino\/","title":{"rendered":"LIVING BACH ab dem 30.11.2023 im Kino"},"content":{"rendered":"\n<p><\/p>\n\n\n\n<p>Anna Schmidts LIVING BACH ist ein inspirierender Film \u00fcber die Kraft der Musik, die Menschen \u00fcber Kontinente hinweg verbindet. Mit ihren eindrucksvollen Bildern und den magischen Kl\u00e4ngen Johann Sebastian Bachs wird diese musikalische Weltreise selbst zu einem einzigartigen Werk.<\/p>\n\n\n\n<p>Ab dem 30.11.2023 l\u00e4uft der Film LIVING BACH von Anna Schmidt in 40 deutschen Kinos an und wird ab 21.12.2023 auch in \u00d6sterreich und der Schweiz in den Kinos gezeigt.&nbsp;<\/p>\n\n\n\n<p>Living Bach ist eine Produktion von schmidtFilm in Koproduktion mit Departures Film GmbH und Mitteldeutscher Rundfunk in Zusammenarbeit mit ARTE. <\/p>\n\n\n\n<p>Gef\u00f6rdert von MDM, DFFF, SLM.<\/p>\n\n\n\n<p class=\"has-black-color has-text-color\"><a rel=\"noreferrer noopener\" href=\"https:\/\/www.youtube.com\/watch?v=2OKfZuuNoX8\" data-type=\"URL\" data-id=\"https:\/\/www.youtube.com\/watch?v=2OKfZuuNoX8\" target=\"_blank\"><strong>Link zum Trailer<\/strong><\/a><\/p>\n\n\n\n<hr class=\"wp-block-separator has-alpha-channel-opacity\"\/>\n\n\n\n<p><\/p>\n","protected":false},"excerpt":{"rendered":"<p>Anna Schmidts LIVING BACH ist ein inspirierender Film \u00fcber die Kraft der Musik, die Menschen \u00fcber Kontinente hinweg verbindet. Mit ihren eindrucksvollen Bildern und den magischen Kl\u00e4ngen Johann Sebastian Bachs wird diese musikalische Weltreise selbst zu einem einzigartigen Werk. Ab dem 30.11.2023 l\u00e4uft der Film LIVING BACH von Anna Schmidt in 40 deutschen Kinos an &hellip; <\/p>\n<p class=\"link-more\"><a href=\"https:\/\/www.mffv.de\/index.php\/2023\/11\/07\/living-bach-ab-30-11-2023-im-kino\/\" class=\"more-link\"><span class=\"screen-reader-text\">\u201eLIVING BACH ab dem 30.11.2023 im Kino\u201c<\/span> weiterlesen<\/a><\/p>\n","protected":false},"author":40,"featured_media":1807,"comment_status":"closed","ping_status":"open","sticky":false,"template":"","format":"standard","meta":{"_acf_changed":false,"_exactmetrics_skip_tracking":false,"_exactmetrics_sitenote_active":false,"_exactmetrics_sitenote_note":"","_exactmetrics_sitenote_category":0,"footnotes":""},"categories":[1],"tags":[],"class_list":["post-1635","post","type-post","status-publish","format-standard","has-post-thumbnail","hentry","category-produktionen"],"acf":[],"_links":{"self":[{"href":"https:\/\/www.mffv.de\/index.php\/wp-json\/wp\/v2\/posts\/1635","targetHints":{"allow":["GET"]}}],"collection":[{"href":"https:\/\/www.mffv.de\/index.php\/wp-json\/wp\/v2\/posts"}],"about":[{"href":"https:\/\/www.mffv.de\/index.php\/wp-json\/wp\/v2\/types\/post"}],"author":[{"embeddable":true,"href":"https:\/\/www.mffv.de\/index.php\/wp-json\/wp\/v2\/users\/40"}],"replies":[{"embeddable":true,"href":"https:\/\/www.mffv.de\/index.php\/wp-json\/wp\/v2\/comments?post=1635"}],"version-history":[{"count":17,"href":"https:\/\/www.mffv.de\/index.php\/wp-json\/wp\/v2\/posts\/1635\/revisions"}],"predecessor-version":[{"id":1790,"href":"https:\/\/www.mffv.de\/index.php\/wp-json\/wp\/v2\/posts\/1635\/revisions\/1790"}],"wp:featuredmedia":[{"embeddable":true,"href":"https:\/\/www.mffv.de\/index.php\/wp-json\/wp\/v2\/media\/1807"}],"wp:attachment":[{"href":"https:\/\/www.mffv.de\/index.php\/wp-json\/wp\/v2\/media?parent=1635"}],"wp:term":[{"taxonomy":"category","embeddable":true,"href":"https:\/\/www.mffv.de\/index.php\/wp-json\/wp\/v2\/categories?post=1635"},{"taxonomy":"post_tag","embeddable":true,"href":"https:\/\/www.mffv.de\/index.php\/wp-json\/wp\/v2\/tags?post=1635"}],"curies":[{"name":"wp","href":"https:\/\/api.w.org\/{rel}","templated":true}]}}