{"id":1466,"date":"2020-09-07T09:54:00","date_gmt":"2020-09-07T07:54:00","guid":{"rendered":"http:\/\/www.mffv.de\/?p=1466"},"modified":"2020-08-19T09:55:07","modified_gmt":"2020-08-19T07:55:07","slug":"wettbewerbsteilnahme-fuer-das-auge-afrikas-der-filmpionier-hans-schomburgk-beim-garden-route-international-filmfestival-vom-21-09-01-10-2020","status":"publish","type":"post","link":"https:\/\/www.mffv.de\/index.php\/2020\/09\/07\/wettbewerbsteilnahme-fuer-das-auge-afrikas-der-filmpionier-hans-schomburgk-beim-garden-route-international-filmfestival-vom-21-09-01-10-2020\/","title":{"rendered":"Wettbewerbsteilnahme f\u00fcr: &#8222;Das Auge Afrikas. Der Filmpionier Hans Schomburgk&#8220; beim \u201eGarden Route International Filmfestival&#8220; vom 21.09. &#8211; 01.10.2020"},"content":{"rendered":"\n<p>Das Auge Afrikas. Der Filmpionier Hans Schomburgk l\u00e4uft beim \u201eGarden Route International Filmfestival&#8220; im Wettbewerb, das vom 21. September 2020 bis 1. Oktober 2020 stattfindet. Wir dr\u00fccken unserem Mitglied, schmidtFilm, die Daumen.<\/p>\n\n\n\n<p><strong>Zum Film<\/strong><\/p>\n\n\n\n<p>Der Film \u201eDas Auge Afrikas. Der Filmpionier Hans Schomburgk\u201c widmet sich zum ersten Mal dem Leben und Schaffen Hans Schom- burgks. Er erz\u00e4hlt die faszinierende Geschichte des Filmpioniers, der als erster die \u00fcberw\u00e4ltigende Sch\u00f6nheit Afrikas mit der Kamera einfing. Die Dokumentation unternimmt eine bildgewaltige Zeitreise von der Vergangenheit in die Gegenwart. Die sehr gut erhaltenen Originalfilme, die Schomburgk zwischen 1914 und 1958 gedreht hat, entf\u00fchren in damals noch weitgehend unerforschte Gebiete und werden verwoben mit opulenten Einstel- lungen aus dem heutigen Afrika, um den rasanten Wandel eines gesamten Kontinents, wie ihn Schomburgk dokumentierte, noch einmal nachzuvollziehen und auf seine Geschichte zu schauen, die gepr\u00e4gt ist durch Kolonialismus, der bis heute nachwirkt. Die Dokumentation ist eine Spurensuche an Orten in Afrika, die Schomburgk immer wieder bereiste, und stellt Vergangenheit und Gegenwart in direkten Vergleich. In vielf\u00e4ltigen Begegnungen reflek- tieren Menschen in Togo und S\u00fcdafrika Schomburgks Filme aus heutiger Sicht.<\/p>\n\n\n\n<p>Eine schmidtFilm Produktion<\/p>\n","protected":false},"excerpt":{"rendered":"<p>Das Auge Afrikas. Der Filmpionier Hans Schomburgk l\u00e4uft beim \u201eGarden Route International Filmfestival&#8220; im Wettbewerb, das vom 21. September 2020 bis 1. Oktober 2020 stattfindet. Wir dr\u00fccken unserem Mitglied, schmidtFilm, die Daumen. Zum Film Der Film \u201eDas Auge Afrikas. Der Filmpionier Hans Schomburgk\u201c widmet sich zum ersten Mal dem Leben und Schaffen Hans Schom- burgks. &hellip; <\/p>\n<p class=\"link-more\"><a href=\"https:\/\/www.mffv.de\/index.php\/2020\/09\/07\/wettbewerbsteilnahme-fuer-das-auge-afrikas-der-filmpionier-hans-schomburgk-beim-garden-route-international-filmfestival-vom-21-09-01-10-2020\/\" class=\"more-link\"><span class=\"screen-reader-text\">\u201eWettbewerbsteilnahme f\u00fcr: &#8222;Das Auge Afrikas. Der Filmpionier Hans Schomburgk&#8220; beim \u201eGarden Route International Filmfestival&#8220; vom 21.09. &#8211; 01.10.2020\u201c<\/span> weiterlesen<\/a><\/p>\n","protected":false},"author":40,"featured_media":1468,"comment_status":"closed","ping_status":"open","sticky":false,"template":"","format":"standard","meta":{"_acf_changed":false,"_exactmetrics_skip_tracking":false,"_exactmetrics_sitenote_active":false,"_exactmetrics_sitenote_note":"","_exactmetrics_sitenote_category":0,"footnotes":""},"categories":[1],"tags":[],"class_list":["post-1466","post","type-post","status-publish","format-standard","has-post-thumbnail","hentry","category-produktionen"],"acf":[],"_links":{"self":[{"href":"https:\/\/www.mffv.de\/index.php\/wp-json\/wp\/v2\/posts\/1466","targetHints":{"allow":["GET"]}}],"collection":[{"href":"https:\/\/www.mffv.de\/index.php\/wp-json\/wp\/v2\/posts"}],"about":[{"href":"https:\/\/www.mffv.de\/index.php\/wp-json\/wp\/v2\/types\/post"}],"author":[{"embeddable":true,"href":"https:\/\/www.mffv.de\/index.php\/wp-json\/wp\/v2\/users\/40"}],"replies":[{"embeddable":true,"href":"https:\/\/www.mffv.de\/index.php\/wp-json\/wp\/v2\/comments?post=1466"}],"version-history":[{"count":4,"href":"https:\/\/www.mffv.de\/index.php\/wp-json\/wp\/v2\/posts\/1466\/revisions"}],"predecessor-version":[{"id":1472,"href":"https:\/\/www.mffv.de\/index.php\/wp-json\/wp\/v2\/posts\/1466\/revisions\/1472"}],"wp:featuredmedia":[{"embeddable":true,"href":"https:\/\/www.mffv.de\/index.php\/wp-json\/wp\/v2\/media\/1468"}],"wp:attachment":[{"href":"https:\/\/www.mffv.de\/index.php\/wp-json\/wp\/v2\/media?parent=1466"}],"wp:term":[{"taxonomy":"category","embeddable":true,"href":"https:\/\/www.mffv.de\/index.php\/wp-json\/wp\/v2\/categories?post=1466"},{"taxonomy":"post_tag","embeddable":true,"href":"https:\/\/www.mffv.de\/index.php\/wp-json\/wp\/v2\/tags?post=1466"}],"curies":[{"name":"wp","href":"https:\/\/api.w.org\/{rel}","templated":true}]}}