{"id":1410,"date":"2020-07-20T09:50:17","date_gmt":"2020-07-20T07:50:17","guid":{"rendered":"http:\/\/www.mffv.de\/?p=1410"},"modified":"2024-11-01T14:23:23","modified_gmt":"2024-11-01T13:23:23","slug":"kinostart-anton-bruckner-das-verkannte-genie-ab-23-07-2020-im-kino","status":"publish","type":"post","link":"https:\/\/www.mffv.de\/index.php\/2020\/07\/20\/kinostart-anton-bruckner-das-verkannte-genie-ab-23-07-2020-im-kino\/","title":{"rendered":"Kinostart: Anton Bruckner &#8211; Das verkannte Genie ab 23.07.2020 im Kino"},"content":{"rendered":"\n<p><strong>Zum Film:<\/strong><br>Die Rezeption der Musik Anton Bruckners erfolgte sp\u00e4t und langsam.<br>Die Aufnahme eines kompletten Bruckner Zyklus mit\u00a0<strong>Valery Gergiev und den M\u00fcnchner Philharmonikern<\/strong>\u00a0in der Stiftskirche Sankt Florian (Ober\u00f6sterreich) gibt uns die einmalige Chance, Clips all seiner Sinfonien aus einer Quelle zu erhalten und im Rahmen einer umfangreichen Dokumentation \u00fcber den Komponisten zu verwenden.<\/p>\n\n\n\n<p>Dies wird die erste eingehende Dokumentation \u00fcber den Komponisten Anton Bruckner, die viele entstandenen Mythen und Vorurteile sprengt. Mythen und Vorurteile die seine Kritiker im Laufe seines Lebens und dar\u00fcber hinaus streuten. Es ist die Geschichte von Erinnerungsfetzen, erz\u00e4hlt von Leuten, die \u00fcber ein vertrautes Wissen \u00fcber Anton Bruckner und seine Werke verf\u00fcgen.<\/p>\n\n\n\n<p>Historisch bedeutende Personen wie Kent Nagano, Valery Gergiev, Philippe Jordan oder Cornelius Obonya kommen ebenso zur Sprache wie erstklassige Organisten. Zu nennen sind dabei Dr. Harandt, Peter Maier oder Bernhard Prammer. Zudem spielt der heutige Hofkapellmeister (und somit geistiger Nachfolger Bruckners) Hans Haselb\u00f6ck an der Orgel im Stift Sankt Florian, unter der Anton Bruckner noch heute begraben liegt.<\/p>\n\n\n\n<p>Diese Dokumentation kann als ein filmisch nie dagewesenes Gesamtwerk Anton Bruckners betrachtet werden. Sie nimmt das Publikum mit an Orte, an denen Bruckner selbst gelernt bzw. gelehrt hat und arbeitet die gesamte Jugend des Komponisten auf. Zudem sind alle wichtigen Dokumente aus dem Leben Anton Bruckners in der Dokumentation enthalten, wie beispielsweise die Originalpartitur der 8. Sinfonie aus der Nationalbibliothek in Wien.<\/p>\n\n\n\n<p>Premiere am 19.07.2020, 13:00 Uhr, Passagekinos, Leipzig<\/p>\n\n\n\n<p>Eine Produktion der Monarda Arts GmbH<\/p>\n","protected":false},"excerpt":{"rendered":"<p>Zum Film:Die Rezeption der Musik Anton Bruckners erfolgte sp\u00e4t und langsam.Die Aufnahme eines kompletten Bruckner Zyklus mit\u00a0Valery Gergiev und den M\u00fcnchner Philharmonikern\u00a0in der Stiftskirche Sankt Florian (Ober\u00f6sterreich) gibt uns die einmalige Chance, Clips all seiner Sinfonien aus einer Quelle zu erhalten und im Rahmen einer umfangreichen Dokumentation \u00fcber den Komponisten zu verwenden. Dies wird die &hellip; <\/p>\n<p class=\"link-more\"><a href=\"https:\/\/www.mffv.de\/index.php\/2020\/07\/20\/kinostart-anton-bruckner-das-verkannte-genie-ab-23-07-2020-im-kino\/\" class=\"more-link\"><span class=\"screen-reader-text\">\u201eKinostart: Anton Bruckner &#8211; Das verkannte Genie ab 23.07.2020 im Kino\u201c<\/span> weiterlesen<\/a><\/p>\n","protected":false},"author":40,"featured_media":1822,"comment_status":"closed","ping_status":"open","sticky":false,"template":"","format":"standard","meta":{"_acf_changed":false,"_exactmetrics_skip_tracking":false,"_exactmetrics_sitenote_active":false,"_exactmetrics_sitenote_note":"","_exactmetrics_sitenote_category":0,"footnotes":""},"categories":[1],"tags":[],"class_list":["post-1410","post","type-post","status-publish","format-standard","has-post-thumbnail","hentry","category-produktionen"],"acf":[],"_links":{"self":[{"href":"https:\/\/www.mffv.de\/index.php\/wp-json\/wp\/v2\/posts\/1410","targetHints":{"allow":["GET"]}}],"collection":[{"href":"https:\/\/www.mffv.de\/index.php\/wp-json\/wp\/v2\/posts"}],"about":[{"href":"https:\/\/www.mffv.de\/index.php\/wp-json\/wp\/v2\/types\/post"}],"author":[{"embeddable":true,"href":"https:\/\/www.mffv.de\/index.php\/wp-json\/wp\/v2\/users\/40"}],"replies":[{"embeddable":true,"href":"https:\/\/www.mffv.de\/index.php\/wp-json\/wp\/v2\/comments?post=1410"}],"version-history":[{"count":7,"href":"https:\/\/www.mffv.de\/index.php\/wp-json\/wp\/v2\/posts\/1410\/revisions"}],"predecessor-version":[{"id":1824,"href":"https:\/\/www.mffv.de\/index.php\/wp-json\/wp\/v2\/posts\/1410\/revisions\/1824"}],"wp:featuredmedia":[{"embeddable":true,"href":"https:\/\/www.mffv.de\/index.php\/wp-json\/wp\/v2\/media\/1822"}],"wp:attachment":[{"href":"https:\/\/www.mffv.de\/index.php\/wp-json\/wp\/v2\/media?parent=1410"}],"wp:term":[{"taxonomy":"category","embeddable":true,"href":"https:\/\/www.mffv.de\/index.php\/wp-json\/wp\/v2\/categories?post=1410"},{"taxonomy":"post_tag","embeddable":true,"href":"https:\/\/www.mffv.de\/index.php\/wp-json\/wp\/v2\/tags?post=1410"}],"curies":[{"name":"wp","href":"https:\/\/api.w.org\/{rel}","templated":true}]}}