{"id":1341,"date":"2020-03-16T14:23:31","date_gmt":"2020-03-16T13:23:31","guid":{"rendered":"http:\/\/www.mffv.de\/?p=1341"},"modified":"2020-03-16T14:45:12","modified_gmt":"2020-03-16T13:45:12","slug":"kinopremiere-fuer-das-auge-afrikas-der-filmpionier-hans-schomburgk-am-20-03-2020-in-leipzig-2","status":"publish","type":"post","link":"https:\/\/www.mffv.de\/index.php\/2020\/03\/16\/kinopremiere-fuer-das-auge-afrikas-der-filmpionier-hans-schomburgk-am-20-03-2020-in-leipzig-2\/","title":{"rendered":"Kinopremiere f\u00fcr \u201eDAS AUGE AFRIKAS. Der Filmpionier Hans Schomburgk\u201c am 20.03.2020 in Leipzig."},"content":{"rendered":"\n<p>Die Dokumentation \u201eDas Auge Afrikas. Der Filmpionier Hans Schomburgk\u201c feiert am 20.03.2020, 19:00 Uhr, Kinopremiere im Luru Kino Leipzig. <\/p>\n\n\n\n<p>Weitere Vorstellungen sind f\u00fcr den 24.03.2020 im Grassi-Museum Leipzig, am 19.04.2020 im Kino am Markt in Jena und am 21.04.2020 im Lichthaus Weimar geplant. <\/p>\n\n\n\n<p>Der Film \u201eDas Auge Afrikas. Der Filmpionier Hans Schomburgk\u201c widmet sich zum ersten Mal dem Leben und Schaffen Hans Schom- burgks. Er erz\u00e4hlt die faszinierende Geschichte des Filmpioniers, der als erster die \u00fcberw\u00e4ltigende Sch\u00f6nheit Afrikas mit der Kamera einfing. Die Dokumentation unternimmt eine bildgewaltige Zeitreise von der Vergangenheit in die Gegenwart. Die sehr gut erhaltenen Originalfilme, die Schomburgk zwischen 1914 und 1958 gedreht hat, entf\u00fchren in damals noch weitgehend unerforschte Gebiete und werden verwoben mit opulenten Einstel- lungen aus dem heutigen Afrika, um den rasanten Wandel eines gesamten Kontinents, wie ihn Schomburgk dokumentierte, noch einmal nachzuvollziehen und auf seine Geschichte zu schauen, die gepr\u00e4gt ist durch Kolonialismus, der bis heute nachwirkt. Die Dokumentation ist eine Spurensuche an Orten in Afrika, die Schomburgk immer wieder bereiste, und stellt Vergangenheit und Gegenwart in direkten Vergleich. In vielf\u00e4ltigen Begegnungen reflek- tieren Menschen in Togo und S\u00fcdafrika Schomburgks Filme aus heutiger Sicht.<\/p>\n\n\n\n<p> Eine Produktion von schmidtFilm im Auftrag des NDR in Zusammenarbeit mit ARTE. Gef\u00f6rdert durch: MDM \u2013 Mitteldeutsche Medienf\u00f6rderung. <\/p>\n","protected":false},"excerpt":{"rendered":"<p>Die Dokumentation \u201eDas Auge Afrikas. Der Filmpionier Hans Schomburgk\u201c feiert am 20.03.2020, 19:00 Uhr, Kinopremiere im Luru Kino Leipzig. Weitere Vorstellungen sind f\u00fcr den 24.03.2020 im Grassi-Museum Leipzig, am 19.04.2020 im Kino am Markt in Jena und am 21.04.2020 im Lichthaus Weimar geplant. Der Film \u201eDas Auge Afrikas. Der Filmpionier Hans Schomburgk\u201c widmet sich zum &hellip; <\/p>\n<p class=\"link-more\"><a href=\"https:\/\/www.mffv.de\/index.php\/2020\/03\/16\/kinopremiere-fuer-das-auge-afrikas-der-filmpionier-hans-schomburgk-am-20-03-2020-in-leipzig-2\/\" class=\"more-link\"><span class=\"screen-reader-text\">\u201eKinopremiere f\u00fcr \u201eDAS AUGE AFRIKAS. Der Filmpionier Hans Schomburgk\u201c am 20.03.2020 in Leipzig.\u201c<\/span> weiterlesen<\/a><\/p>\n","protected":false},"author":40,"featured_media":1328,"comment_status":"closed","ping_status":"open","sticky":false,"template":"","format":"standard","meta":{"_acf_changed":false,"_exactmetrics_skip_tracking":false,"_exactmetrics_sitenote_active":false,"_exactmetrics_sitenote_note":"","_exactmetrics_sitenote_category":0,"footnotes":""},"categories":[1],"tags":[],"class_list":["post-1341","post","type-post","status-publish","format-standard","has-post-thumbnail","hentry","category-produktionen"],"acf":[],"_links":{"self":[{"href":"https:\/\/www.mffv.de\/index.php\/wp-json\/wp\/v2\/posts\/1341","targetHints":{"allow":["GET"]}}],"collection":[{"href":"https:\/\/www.mffv.de\/index.php\/wp-json\/wp\/v2\/posts"}],"about":[{"href":"https:\/\/www.mffv.de\/index.php\/wp-json\/wp\/v2\/types\/post"}],"author":[{"embeddable":true,"href":"https:\/\/www.mffv.de\/index.php\/wp-json\/wp\/v2\/users\/40"}],"replies":[{"embeddable":true,"href":"https:\/\/www.mffv.de\/index.php\/wp-json\/wp\/v2\/comments?post=1341"}],"version-history":[{"count":5,"href":"https:\/\/www.mffv.de\/index.php\/wp-json\/wp\/v2\/posts\/1341\/revisions"}],"predecessor-version":[{"id":1367,"href":"https:\/\/www.mffv.de\/index.php\/wp-json\/wp\/v2\/posts\/1341\/revisions\/1367"}],"wp:featuredmedia":[{"embeddable":true,"href":"https:\/\/www.mffv.de\/index.php\/wp-json\/wp\/v2\/media\/1328"}],"wp:attachment":[{"href":"https:\/\/www.mffv.de\/index.php\/wp-json\/wp\/v2\/media?parent=1341"}],"wp:term":[{"taxonomy":"category","embeddable":true,"href":"https:\/\/www.mffv.de\/index.php\/wp-json\/wp\/v2\/categories?post=1341"},{"taxonomy":"post_tag","embeddable":true,"href":"https:\/\/www.mffv.de\/index.php\/wp-json\/wp\/v2\/tags?post=1341"}],"curies":[{"name":"wp","href":"https:\/\/api.w.org\/{rel}","templated":true}]}}