{"id":1226,"date":"2019-11-14T14:39:43","date_gmt":"2019-11-14T13:39:43","guid":{"rendered":"http:\/\/www.mffv.de\/?p=1226"},"modified":"2019-12-18T11:03:56","modified_gmt":"2019-12-18T10:03:56","slug":"was-bringt-uns-die-zukunft-filmnachwuchs-in-thueringen-am-27-11-2019-ab-1500-uhr-im-lichthaus-kino-weimar","status":"publish","type":"post","link":"https:\/\/www.mffv.de\/index.php\/2019\/11\/14\/was-bringt-uns-die-zukunft-filmnachwuchs-in-thueringen-am-27-11-2019-ab-1500-uhr-im-lichthaus-kino-weimar\/","title":{"rendered":"Was bringt uns die Zukunft? &#8211; Filmnachwuchs in Th\u00fcringen! am 27.11.2019, ab 15:00 Uhr im Lichthaus Kino Weimar"},"content":{"rendered":"\n<p>Wir brauchen Filmnachwuchs in Th\u00fcringen und Talente brauchen Entwicklungsm\u00f6glichkeiten.<br> Deshalb l\u00e4dt der Mitteldeutsche Film- und Fernsehproduzentenverband in Zusammenarbeit mit der Bauhaus-Universit\u00e4t Weimar und dem Internationalen Kurzfilmfestival BACKUP AND BEYOND ein, \u00fcber Kunst und Markt, Medien-Ausbildung und Medien-Wirtschaft, \u00fcber genutzte und ungenutzte Chancen zu diskutieren.<\/p>\n\n\n\n<p>Olivia Vieweg pr\u00e4sentiert ihr Drehbuchdeb\u00fct nach ihrer Graphic Novel ENDZEIT, mit der sie ihr Studium an der Bauhaus-Universit\u00e4t Weimar 2011 abgeschlossen hat. Der Kinofilm, der zwischen Weimar und Jena spielt, wurde 2017 von der Erfurter Kinderfilm unter dem Label Grown Up Films gemeinsam mit ZDF Das kleine Fernsehspiel in Zusammenarbeit mit ARTE realisiert. ENDZEIT \u2013 gef\u00f6rdert von MDM, BKM und DFFF \u2013 wurde ausschlie\u00dflich in Th\u00fcringen gedreht.<\/p>\n\n\n\n<p>Nach seiner Weltpremiere auf dem Toronto International Filmfestival 2018 von der F.A.Z. als \u201eNeuer deutscher Unheimlichkeitsheimatfilm\u201c gefeiert, wurde ENDZEIT vom Hollywoodreporter als \u201esuperior German-language pulp-thriller\u201c und der New York Times als \u201eeine feinsinnige Fabel \u00fcber das Leben, den Tod und weibliche Entschlossenheit (plus Zombies)\u201c gelobt und vom Guardian auf Platz 10 der besten Zombiefilme aller Zeiten gew\u00e4hlt.<\/p>\n\n\n\n<p>Es diskutieren Olivia Vieweg (Drehbuchautorin, Absolventin Bauhaus-Universit\u00e4t Weimar), Prof. Nathalie Singer (Vizepr\u00e4sidentin Bauhaus-Universit\u00e4t Weimar), Ingelore K\u00f6nig (Produzentin, Vorstandsvorsitzende MFFV e.V.), Claas Danielsen (Gesch\u00e4ftsf\u00fchrer MDM \u2013 Mitteldeutsche Medienf\u00f6rderung), Joshua Reiher (Studentische Filminitiative Bauhaus-Universit\u00e4t Weimar) \u2013 und Prof. Dr. Benjamin-Immanuel Hoff (Minister f\u00fcr Kultur, Bundes- und Europaangelegenheiten und Chef der Th\u00fcringer Staatskanzlei, angefragt), moderiert von Gabriele Brunnenmeyer (Kuratorium junger deutscher Film).<\/p>\n\n\n\n<p>Beim anschlie\u00dfenden Networking wird es die Gelegenheit f\u00fcr individuelle Gespr\u00e4che und den Austausch \u00fcber m\u00f6gliche Ideen f\u00fcr neue Projekte geben. <\/p>\n\n\n\n<div class=\"wp-block-image\"><figure class=\"aligncenter is-resized\"><img loading=\"lazy\" decoding=\"async\" src=\"https:\/\/www.mffv.de\/wp-content\/uploads\/2019\/11\/Flyer-Programm_Filmnachwuchs-in-Thu\u0308ringen-1-1024x483.jpg\" alt=\"\" class=\"wp-image-1233\" width=\"768\" height=\"362\" srcset=\"https:\/\/www.mffv.de\/wp-content\/uploads\/2019\/11\/Flyer-Programm_Filmnachwuchs-in-Thu\u0308ringen-1-1024x483.jpg 1024w, https:\/\/www.mffv.de\/wp-content\/uploads\/2019\/11\/Flyer-Programm_Filmnachwuchs-in-Thu\u0308ringen-1-300x141.jpg 300w, https:\/\/www.mffv.de\/wp-content\/uploads\/2019\/11\/Flyer-Programm_Filmnachwuchs-in-Thu\u0308ringen-1-768x362.jpg 768w, https:\/\/www.mffv.de\/wp-content\/uploads\/2019\/11\/Flyer-Programm_Filmnachwuchs-in-Thu\u0308ringen-1.jpg 1251w\" sizes=\"auto, (max-width: 767px) 89vw, (max-width: 1000px) 54vw, (max-width: 1071px) 543px, 580px\" \/><\/figure><\/div>\n\n\n\n<p>27.11.2019 | ab 15:00 Uhr<br>Lichthaus Kino <br>Am Kirschberg 4, 99423 Weimar<br>Der Eintritt ist frei.<\/p>\n\n\n\n<p>Anmeldung bis 19.11.2019 unter zukunft@backup-festival.de<\/p>\n\n\n\n<p>F\u00fcr die Unterst\u00fctzung der Staatskanzlei des Freistaates Th\u00fcringen bedanken wir uns ausdr\u00fccklich.<\/p>\n","protected":false},"excerpt":{"rendered":"<p>Wir brauchen Filmnachwuchs in Th\u00fcringen und Talente brauchen Entwicklungsm\u00f6glichkeiten. Deshalb l\u00e4dt der Mitteldeutsche Film- und Fernsehproduzentenverband in Zusammenarbeit mit der Bauhaus-Universit\u00e4t Weimar und dem Internationalen Kurzfilmfestival BACKUP AND BEYOND ein, \u00fcber Kunst und Markt, Medien-Ausbildung und Medien-Wirtschaft, \u00fcber genutzte und ungenutzte Chancen zu diskutieren. Olivia Vieweg pr\u00e4sentiert ihr Drehbuchdeb\u00fct nach ihrer Graphic Novel ENDZEIT, mit &hellip; <\/p>\n<p class=\"link-more\"><a href=\"https:\/\/www.mffv.de\/index.php\/2019\/11\/14\/was-bringt-uns-die-zukunft-filmnachwuchs-in-thueringen-am-27-11-2019-ab-1500-uhr-im-lichthaus-kino-weimar\/\" class=\"more-link\"><span class=\"screen-reader-text\">\u201eWas bringt uns die Zukunft? &#8211; Filmnachwuchs in Th\u00fcringen! am 27.11.2019, ab 15:00 Uhr im Lichthaus Kino Weimar\u201c<\/span> weiterlesen<\/a><\/p>\n","protected":false},"author":40,"featured_media":1228,"comment_status":"closed","ping_status":"open","sticky":false,"template":"","format":"standard","meta":{"_acf_changed":false,"_exactmetrics_skip_tracking":false,"_exactmetrics_sitenote_active":false,"_exactmetrics_sitenote_note":"","_exactmetrics_sitenote_category":0,"footnotes":""},"categories":[19],"tags":[],"class_list":["post-1226","post","type-post","status-publish","format-standard","has-post-thumbnail","hentry","category-news"],"acf":[],"_links":{"self":[{"href":"https:\/\/www.mffv.de\/index.php\/wp-json\/wp\/v2\/posts\/1226","targetHints":{"allow":["GET"]}}],"collection":[{"href":"https:\/\/www.mffv.de\/index.php\/wp-json\/wp\/v2\/posts"}],"about":[{"href":"https:\/\/www.mffv.de\/index.php\/wp-json\/wp\/v2\/types\/post"}],"author":[{"embeddable":true,"href":"https:\/\/www.mffv.de\/index.php\/wp-json\/wp\/v2\/users\/40"}],"replies":[{"embeddable":true,"href":"https:\/\/www.mffv.de\/index.php\/wp-json\/wp\/v2\/comments?post=1226"}],"version-history":[{"count":7,"href":"https:\/\/www.mffv.de\/index.php\/wp-json\/wp\/v2\/posts\/1226\/revisions"}],"predecessor-version":[{"id":1238,"href":"https:\/\/www.mffv.de\/index.php\/wp-json\/wp\/v2\/posts\/1226\/revisions\/1238"}],"wp:featuredmedia":[{"embeddable":true,"href":"https:\/\/www.mffv.de\/index.php\/wp-json\/wp\/v2\/media\/1228"}],"wp:attachment":[{"href":"https:\/\/www.mffv.de\/index.php\/wp-json\/wp\/v2\/media?parent=1226"}],"wp:term":[{"taxonomy":"category","embeddable":true,"href":"https:\/\/www.mffv.de\/index.php\/wp-json\/wp\/v2\/categories?post=1226"},{"taxonomy":"post_tag","embeddable":true,"href":"https:\/\/www.mffv.de\/index.php\/wp-json\/wp\/v2\/tags?post=1226"}],"curies":[{"name":"wp","href":"https:\/\/api.w.org\/{rel}","templated":true}]}}