{"id":1211,"date":"2019-10-02T09:17:49","date_gmt":"2019-10-02T07:17:49","guid":{"rendered":"http:\/\/www.mffv.de\/?p=1211"},"modified":"2020-03-16T14:34:31","modified_gmt":"2020-03-16T13:34:31","slug":"produktionsstart-fuer-coppelia-bei-motionworks","status":"publish","type":"post","link":"https:\/\/www.mffv.de\/index.php\/2019\/10\/02\/produktionsstart-fuer-coppelia-bei-motionworks\/","title":{"rendered":"Produktionsstart f\u00fcr \u201eCoppelia\u201c bei MotionWorks"},"content":{"rendered":"\n<p><strong>Am 01.08.2019 startete bei MotionWorks die Produktion des Kinofilms \u201eCoppelia\u201c. <\/strong><\/p>\n\n\n\n<p>Durch eine einzigartige Kombination von Live Action Ballet und Animation wird dabei eine m\u00e4rchenhafte Geschichte ohne Worte erz\u00e4hlt:  W\u00e4hrend die Stadt in den Bann des Sch\u00f6nheitschirurgen Doktor Coppelius ger\u00e4t, muss Swan ihren geliebten Franz vor den Pl\u00e4nen des Doktors retten. Denn Coppelius will Franz\u2018 Herz und seine Liebe stehlen, um damit Coppelia \u2013 eine \u201eperfekte\u201c Roboter-Frau \u2013 zum Leben zu erwecken. Doch wahre Sch\u00f6nheit kommt von innen \u2026  Mit den internationalen Ballett-Stars Michaela DePrince (USA), Daniel Carmgo (Brasilien), Darcey Bussell (UK) und Irek Mukhamedov (UK\/Russland) ist \u201eCoppelia\u201c hochkar\u00e4tig besetzt. Produziert wird der Film von Submarine (Niederlande), MotionWorks (Deutschland), Lunanime (Belgien) und 3 Minutes West (Niederlande), mit Unterst\u00fctzung der Mitteldeutschen Medienf\u00f6rderung sowie der Nordmedia und in Zusammenarbeit mit Arte. Nach der Fertigstellung Ende 2020 wird Square One \u201eCoppelia\u201c als Verleih in die Kinos bringen.    <\/p>\n","protected":false},"excerpt":{"rendered":"<p>Am 01.08.2019 startete bei MotionWorks die Produktion des Kinofilms \u201eCoppelia\u201c. Durch eine einzigartige Kombination von Live Action Ballet und Animation wird dabei eine m\u00e4rchenhafte Geschichte ohne Worte erz\u00e4hlt: W\u00e4hrend die Stadt in den Bann des Sch\u00f6nheitschirurgen Doktor Coppelius ger\u00e4t, muss Swan ihren geliebten Franz vor den Pl\u00e4nen des Doktors retten. Denn Coppelius will Franz\u2018 Herz &hellip; <\/p>\n<p class=\"link-more\"><a href=\"https:\/\/www.mffv.de\/index.php\/2019\/10\/02\/produktionsstart-fuer-coppelia-bei-motionworks\/\" class=\"more-link\"><span class=\"screen-reader-text\">\u201eProduktionsstart f\u00fcr \u201eCoppelia\u201c bei MotionWorks\u201c<\/span> weiterlesen<\/a><\/p>\n","protected":false},"author":40,"featured_media":1212,"comment_status":"closed","ping_status":"open","sticky":false,"template":"","format":"standard","meta":{"_acf_changed":false,"_exactmetrics_skip_tracking":false,"_exactmetrics_sitenote_active":false,"_exactmetrics_sitenote_note":"","_exactmetrics_sitenote_category":0,"footnotes":""},"categories":[1],"tags":[],"class_list":["post-1211","post","type-post","status-publish","format-standard","has-post-thumbnail","hentry","category-produktionen"],"acf":[],"_links":{"self":[{"href":"https:\/\/www.mffv.de\/index.php\/wp-json\/wp\/v2\/posts\/1211","targetHints":{"allow":["GET"]}}],"collection":[{"href":"https:\/\/www.mffv.de\/index.php\/wp-json\/wp\/v2\/posts"}],"about":[{"href":"https:\/\/www.mffv.de\/index.php\/wp-json\/wp\/v2\/types\/post"}],"author":[{"embeddable":true,"href":"https:\/\/www.mffv.de\/index.php\/wp-json\/wp\/v2\/users\/40"}],"replies":[{"embeddable":true,"href":"https:\/\/www.mffv.de\/index.php\/wp-json\/wp\/v2\/comments?post=1211"}],"version-history":[{"count":2,"href":"https:\/\/www.mffv.de\/index.php\/wp-json\/wp\/v2\/posts\/1211\/revisions"}],"predecessor-version":[{"id":1355,"href":"https:\/\/www.mffv.de\/index.php\/wp-json\/wp\/v2\/posts\/1211\/revisions\/1355"}],"wp:featuredmedia":[{"embeddable":true,"href":"https:\/\/www.mffv.de\/index.php\/wp-json\/wp\/v2\/media\/1212"}],"wp:attachment":[{"href":"https:\/\/www.mffv.de\/index.php\/wp-json\/wp\/v2\/media?parent=1211"}],"wp:term":[{"taxonomy":"category","embeddable":true,"href":"https:\/\/www.mffv.de\/index.php\/wp-json\/wp\/v2\/categories?post=1211"},{"taxonomy":"post_tag","embeddable":true,"href":"https:\/\/www.mffv.de\/index.php\/wp-json\/wp\/v2\/tags?post=1211"}],"curies":[{"name":"wp","href":"https:\/\/api.w.org\/{rel}","templated":true}]}}