{"id":1088,"date":"2019-03-18T16:03:26","date_gmt":"2019-03-18T15:03:26","guid":{"rendered":"http:\/\/www.mffv.de\/?p=1088"},"modified":"2019-03-19T17:25:00","modified_gmt":"2019-03-19T16:25:00","slug":"premiere-von-orangentage","status":"publish","type":"post","link":"https:\/\/www.mffv.de\/index.php\/2019\/03\/18\/premiere-von-orangentage\/","title":{"rendered":"Premiere von ORANGENTAGE"},"content":{"rendered":"<p>&nbsp;<\/p>\n<p><strong>Mit der Premiere der Kino-Koproduktion ORANGENTAGE stimmt Gastland <\/strong><strong>Tschechien am 20. M\u00e4rz 2019, 14:45 Uhr im Regina-Palast in Leipzig auf seinen Buchmesse-Auftritt ein. Die Kinderfilm GmbH ist einer der Ko-Produzenten bei der Verfilmung des gleichnamigen Romans von Iva Proch<\/strong><strong>\u00e1zkov\u00e1<\/strong>.<\/p>\n<p>Die tschechisch-deutsch-slowakische Koproduktion ORANGENTAGE wurde im vergangenen Sommer an der deutsch-tschechischen Grenze im Lausitzer Gebirge sowie im Erzgebirge gedreht. Autorin Iva Proch\u00e1zkov\u00e1, die in Tschechien und im deutschsprachigen Raum zu den erfolgreichsten Kinder- und Jugendbuchautorinnen geh\u00f6rt, hat auch das Drehbuch des Kinder- und Familienfilms geschrieben. Regie f\u00fchrte Ivan Pokorn\u00fd. Der Film erz\u00e4hlt vom 14-j\u00e4hrigen Darek aus einem tschechischen Dorf nahe der deutschen Grenze, der sich in das M\u00e4dchen Hanna verliebt, das nach Orangen duftet, und von Dareks Begeisterung f\u00fcr die Welt der Pferde.<\/p>\n<p>Anl\u00e4sslich der Leipziger Buchmesse 2019, bei der diesmal Tschechien als Gastland besonders im Fokus steht, findet die Kinopremiere von ORANGENTAGE in Leipzig statt. Iva Proch\u00e1zkov\u00e1 wird ihr Heimatland Tschechien auf der Messe als Botschafterin f\u00fcr Kinder und Jugend vertreten. Die Fernsehfassung von ORANGENTAGE soll Ende 2019 im KiKA, dem Kinderkanal von ARD und ZDF, ausgestrahlt werden.<\/p>\n<p><strong>Am 30.05.2019 wird der Film in den deutschen Kinos starten<br \/>\n<\/strong>(Verleih: barnsteiner-film).<\/p>\n<p><img loading=\"lazy\" decoding=\"async\" class=\"alignnone size-full wp-image-1095\" src=\"https:\/\/www.mffv.de\/wp-content\/uploads\/2019\/03\/orangentage_1.jpg\" alt=\"\" width=\"260\" height=\"368\" srcset=\"https:\/\/www.mffv.de\/wp-content\/uploads\/2019\/03\/orangentage_1.jpg 260w, https:\/\/www.mffv.de\/wp-content\/uploads\/2019\/03\/orangentage_1-212x300.jpg 212w\" sizes=\"auto, (max-width: 260px) 100vw, 260px\" \/><\/p>\n<p><strong>Zum Filminhalt:<br \/>\n<\/strong>Der 14-j\u00e4hrige Darek lebt in einem tschechischen Dorf nahe der deutschen Grenze zusammen mit seinem Vater und seiner behinderten Schwester Ema (8), um die er sich nach dem Tod der Mutter liebevoll k\u00fcmmert. Er verliebt sich in das deutsche M\u00e4dchen Hanna (15), das so wunderbar nach Orangen duftet und ihn ziemlich verwirrt. Als sein arbeitsloser Vater von seinem deutschen Freund Uli Pferde zur Pflege \u00fcbernimmt, entdeckt Darek eine neue Welt f\u00fcr sich. Er lernt reiten und k\u00fcmmert sich um die Tiere. Doch als er erf\u00e4hrt, dass ihr Hof f\u00fcr die Pferde nur eine Zwischenstation auf dem Weg zum Schlachthof ist, bricht f\u00fcr ihn alles zusammen. Am Ende wird Darek lernen, seinen Vater zu verstehen und seinen eigenen Weg zu gehen.<\/p>\n<p>Die Hauptrollen sind besetzt mit Tom\u00e1\u0161 Daleck\u00fd als Darek und der Dresdner Nachwuchsschauspielerin Emilie Neumeister als Hanna. Sie war u.a. in TV-Produktionen wie \u201eWolfsland\u201c\u00a0und \u201eTrauung mit Hindernissen\u201c besetzt. Dareks Vater wird von dem in Tschechien sehr popul\u00e4ren Schauspieler Stanislav Majer gespielt und der deutsche Pferdeh\u00e4ndler Uli von Steffen Groth. Die Rolle von Dareks Freund Jonas hat der Dresdner Anton Petzold \u00fcbernommen, der u.a. durch Kinderfilme wie \u201eRico, Oskar und das Herzgebreche\u201c bekannt wurde. F\u00fcr die deutsche Kinofassung hat der Schauspieler Maximilian Braun, langj\u00e4hriger Hauptdarsteller von \u201eSchloss Einstein\u201c(KiKA), die Rolle von Darek synchronisiert. Dareks behinderte Schwester Ema wird in der deutschen Fassung gesprochen von Nele Winkler, die zum Ensemble des integrativen Berliner Theaters RambaZamba geh\u00f6rt und gerade mit ihrer Mutter, der Schauspielerin Angela Winkler auf der B\u00fchne steht.<\/p>\n<p>ORANGENTAGE ist eine europ\u00e4ische Koproduktion zwischen Daniel Severa Production (CZ), Kinderfilm (D), Trigon Production (SVK), sowie dem \u00f6ffentlich-rechtlichen TV-Sender Tschechiens \u010cesk\u00e1 Televize, dem Mitteldeutschen Rundfunk und dem \u00f6ffentlich-rechtlichen Rundfunk der Slowakei RTVS &#8211; Rozhlas a Telev\u00edzia Slovenska. Gef\u00f6rdert von der Tschechischen Filmf\u00f6rderung (SFK), der Mitteldeutschen Medienf\u00f6rderung (MDM) und dem Audiovisuellen Fond der Slowakei (Audiovizu\u00e1lny Fond).<\/p>\n<p>&nbsp;<\/p>\n<p>Weitere Infos zum Projekt unter:<\/p>\n<p><a href=\"https:\/\/kinderfilm-gmbh.de\/portfolio-items\/orangentage\/\">https:\/\/kinderfilm-gmbh.de\/portfolio-items\/orangentage\/<\/a><\/p>\n","protected":false},"excerpt":{"rendered":"<p>&nbsp; Mit der Premiere der Kino-Koproduktion ORANGENTAGE stimmt Gastland Tschechien am 20. M\u00e4rz 2019, 14:45 Uhr im Regina-Palast in Leipzig auf seinen Buchmesse-Auftritt ein. Die Kinderfilm GmbH ist einer der Ko-Produzenten bei der Verfilmung des gleichnamigen Romans von Iva Proch\u00e1zkov\u00e1. Die tschechisch-deutsch-slowakische Koproduktion ORANGENTAGE wurde im vergangenen Sommer an der deutsch-tschechischen Grenze im Lausitzer Gebirge &hellip; <\/p>\n<p class=\"link-more\"><a href=\"https:\/\/www.mffv.de\/index.php\/2019\/03\/18\/premiere-von-orangentage\/\" class=\"more-link\"><span class=\"screen-reader-text\">\u201ePremiere von ORANGENTAGE\u201c<\/span> weiterlesen<\/a><\/p>\n","protected":false},"author":40,"featured_media":1110,"comment_status":"closed","ping_status":"open","sticky":false,"template":"","format":"standard","meta":{"_acf_changed":false,"_exactmetrics_skip_tracking":false,"_exactmetrics_sitenote_active":false,"_exactmetrics_sitenote_note":"","_exactmetrics_sitenote_category":0,"footnotes":""},"categories":[19,1],"tags":[],"class_list":["post-1088","post","type-post","status-publish","format-standard","has-post-thumbnail","hentry","category-news","category-produktionen"],"acf":[],"_links":{"self":[{"href":"https:\/\/www.mffv.de\/index.php\/wp-json\/wp\/v2\/posts\/1088","targetHints":{"allow":["GET"]}}],"collection":[{"href":"https:\/\/www.mffv.de\/index.php\/wp-json\/wp\/v2\/posts"}],"about":[{"href":"https:\/\/www.mffv.de\/index.php\/wp-json\/wp\/v2\/types\/post"}],"author":[{"embeddable":true,"href":"https:\/\/www.mffv.de\/index.php\/wp-json\/wp\/v2\/users\/40"}],"replies":[{"embeddable":true,"href":"https:\/\/www.mffv.de\/index.php\/wp-json\/wp\/v2\/comments?post=1088"}],"version-history":[{"count":19,"href":"https:\/\/www.mffv.de\/index.php\/wp-json\/wp\/v2\/posts\/1088\/revisions"}],"predecessor-version":[{"id":1109,"href":"https:\/\/www.mffv.de\/index.php\/wp-json\/wp\/v2\/posts\/1088\/revisions\/1109"}],"wp:featuredmedia":[{"embeddable":true,"href":"https:\/\/www.mffv.de\/index.php\/wp-json\/wp\/v2\/media\/1110"}],"wp:attachment":[{"href":"https:\/\/www.mffv.de\/index.php\/wp-json\/wp\/v2\/media?parent=1088"}],"wp:term":[{"taxonomy":"category","embeddable":true,"href":"https:\/\/www.mffv.de\/index.php\/wp-json\/wp\/v2\/categories?post=1088"},{"taxonomy":"post_tag","embeddable":true,"href":"https:\/\/www.mffv.de\/index.php\/wp-json\/wp\/v2\/tags?post=1088"}],"curies":[{"name":"wp","href":"https:\/\/api.w.org\/{rel}","templated":true}]}}